{"id":529,"date":"2019-05-27T14:07:35","date_gmt":"2019-05-27T12:07:35","guid":{"rendered":"https:\/\/ihma.at\/?p=529"},"modified":"2019-05-27T15:09:01","modified_gmt":"2019-05-27T13:09:01","slug":"vorbild-im-namen-der-kinder","status":"publish","type":"post","link":"https:\/\/ihma.at\/de_de\/2019\/05\/27\/vorbild-im-namen-der-kinder\/","title":{"rendered":"VORBILD IM NAMEN DER KINDER!"},"content":{"rendered":"\n<h2 style=\"text-align:center\"> <br>PHUNJO JHANGMU LAMA WIRD F\u00dcR DIE IHMA DEN K2 BESTEIGEN UND EIN ZEICHEN SETZEN!<\/h2>\n\n\n\n<h6 style=\"text-align:center\">DURCH PRIVATE FINANZIERUNG IST ES DER ERFAHRENEN BERGSTEIGERIN PHUNJO NUN M\u00d6GLICH F\u00dcR UNS DEN K2 ZU BESTEIGEN UND DAMIT BENACHTEILIGTEN KINDERN, WIE SIE ES SELBST EINST WAR, MUT ZU MACHEN UND AN SICH SELBST ZU GLAUBEN!<\/h6>\n\n\n\n<div class=\"wp-block-image\"><figure class=\"aligncenter is-resized\"><img decoding=\"async\" loading=\"lazy\" src=\"https:\/\/ihma.at\/wp-content\/uploads\/2019\/05\/32878081_1813978808659333_5503309546765942784_n-e1558962005355.jpg\" alt=\"\" class=\"wp-image-532\" width=\"279\" height=\"388\" srcset=\"https:\/\/ihma.at\/wp-content\/uploads\/2019\/05\/32878081_1813978808659333_5503309546765942784_n-e1558962005355.jpg 279w, https:\/\/ihma.at\/wp-content\/uploads\/2019\/05\/32878081_1813978808659333_5503309546765942784_n-e1558962005355-216x300.jpg 216w\" sizes=\"(max-width: 279px) 100vw, 279px\" \/><figcaption>Phunjo Lama bestieg im Jahre 2018 f\u00fcr uns den Mount Everest<\/figcaption><\/figure><\/div>\n\n\n\n<p style=\"text-align:center\">Wer Phunjo Jhangmu Lama einmal kennen lernen durfte merkt schnell, dass diese Frau etwas ganz besonderes ist. Sie ist voller Energie und Tatendrang, diszipliniert und fit wie ein Turnschuh und dennoch ausgeglichen. Wahrscheinlich auch Dank ihrer tibetanischen Wurzeln.<\/p>\n\n\n\n<p style=\"text-align:center\"> Sie zeigt immer wieder herausragende Leistungen, so zum Beispiel die Gipfelbesteigung des Mount Everest in knapp 39 Stunden am 17. Mai 2018. Jahrelange Erfahrung in der Bergrettung mit zahlreichen Eins\u00e4tzen gehen ebenso auf ihr Konto. Viele Menschen haben Phunjo ihr Leben zu verdanken. Auch f\u00fchrt sie &#8211; als eine der wenigen weiblichen Sherpa &#8211; Gruppen aus Bergsteigern immer wieder sicher auf die zahlreichen Gipfel Nepals.<\/p>\n\n\n\n<p style=\"text-align:center\">Und als unsere Verantwortliche Person vor Ort organisiert und unterst\u00fctzt sie f\u00fcr IHMA (International Human and Medical Aid) eine ganze Anzahl von Projekten in Nepal. Vor allem Kindern zu helfen, die wie sie, in \u00e4rmlichen Verh\u00e4ltnissen aufwachsen m\u00fcssen, steht f\u00fcr sie dabei im Mittelpunkt. Sie will Vorbild sein f\u00fcr Kinder und ihnen Mut machen an sich selbst und ihre F\u00e4higkeiten zu glauben; ihnen sagen, dass mit Mut und Disziplin Dinge m\u00f6glich werden, die vorerst unerreichbar scheinen.<br><\/p>\n\n\n\n<p style=\"text-align:center\">Ganz in diesem Zeichen steht nun die n\u00e4chste Herausforderung, die sie und eine Gruppe von circa 20 jungen Sherpas sich Stellen:<\/p>\n\n\n\n<p style=\"text-align:center\">Der K2.<\/p>\n\n\n\n<p style=\"text-align:center\">Mit 8611m ist er der der zweith\u00f6chste Berg der Welt. Nur der allseits bekannte Mount Everest ist gr\u00f6\u00dfer. Dabei gilt der K2 als deutlich anspruchsvoller, wenn nicht sogar als der schwierigste aller 14 Achttausender Berge. Mitte Juni werden sie diese &nbsp;gro\u00dfe Herausforderung mit Teamwork und viel K\u00f6nnen angehen<br><\/p>\n\n\n\n<p style=\"text-align:center\">Dabei stellt Phunjo und ihre Gruppe, erm\u00f6glicht durch privates sponsoring, die Besteigung ganz in den Dienst an die IHMA Kinderhilfe. Sie will vor allem auch den Kinder in <em>ihrer <\/em>Region zeigen, dass jeder mit Willen und Anstrengung selbst die schwierigsten Bedingungen meistern kann. <\/p>\n\n\n\n<p style=\"text-align:center\">Auch wird sie mit Beitr\u00e4gen und Videos Aufmerksamkeit auf das Thema der Kinderarmut lenken und Wege aus Armut und Perspektivlosigkeit aufzeigen. Bildung ist f\u00fcr sie dabei die zentralste L\u00f6sung. <\/p>\n\n\n\n<p style=\"text-align:center\">Nur durch angemessene Bildung kann man heutzutage jungen Menschen die M\u00f6glichkeiten geben, die sie auch verdient haben.<\/p>\n\n\n\n<p style=\"text-align:center\">Wir setzen uns daf\u00fcr ein!<\/p>\n\n\n\n<div class=\"wp-block-image\"><figure class=\"aligncenter is-resized\"><img decoding=\"async\" loading=\"lazy\" src=\"https:\/\/ihma.at\/wp-content\/uploads\/2019\/05\/r0_0_1536_2048_w1200_h678_fmax.jpg\" alt=\"\" class=\"wp-image-552\" width=\"382\" height=\"509\" srcset=\"https:\/\/ihma.at\/wp-content\/uploads\/2019\/05\/r0_0_1536_2048_w1200_h678_fmax.jpg 509w, https:\/\/ihma.at\/wp-content\/uploads\/2019\/05\/r0_0_1536_2048_w1200_h678_fmax-225x300.jpg 225w\" sizes=\"(max-width: 382px) 100vw, 382px\" \/><\/figure><\/div>\n\n\n\n<p style=\"text-align:center\">Danke Phunjo f\u00fcr Deinen Mut aufzustehen und Berge zu erklimmen!<\/p>\n","protected":false},"excerpt":{"rendered":"<p>PHUNJO JHANGMU LAMA WIRD F\u00dcR DIE IHMA DEN K2 BESTEIGEN UND EIN ZEICHEN SETZEN! DURCH PRIVATE FINANZIERUNG IST ES DER ERFAHRENEN BERGSTEIGERIN PHUNJO NUN M\u00d6GLICH F\u00dcR UNS DEN K2 ZU [&hellip;]<\/p>\n","protected":false},"author":1,"featured_media":545,"comment_status":"open","ping_status":"open","sticky":false,"template":"","format":"standard","meta":[],"categories":[3,71],"tags":[80,73,77,8,78,79,81,7,72,76,23,83,24,64,75,74,82],"yoast_head":"<!-- This site is optimized with the Yoast SEO plugin v21.1 - https:\/\/yoast.com\/wordpress\/plugins\/seo\/ -->\n<title>VORBILD IM NAMEN DER KINDER! - IHMA<\/title>\n<meta name=\"robots\" content=\"index, follow, max-snippet:-1, max-image-preview:large, max-video-preview:-1\" \/>\n<link rel=\"canonical\" href=\"https:\/\/ihma.at\/de_de\/2019\/05\/27\/vorbild-im-namen-der-kinder\/\" \/>\n<meta property=\"og:locale\" content=\"de_DE\" \/>\n<meta property=\"og:type\" content=\"article\" \/>\n<meta property=\"og:title\" content=\"VORBILD IM NAMEN DER KINDER! - IHMA\" \/>\n<meta property=\"og:description\" content=\"PHUNJO JHANGMU LAMA WIRD F\u00dcR DIE IHMA DEN K2 BESTEIGEN UND EIN ZEICHEN SETZEN! DURCH PRIVATE FINANZIERUNG IST ES DER ERFAHRENEN BERGSTEIGERIN PHUNJO NUN M\u00d6GLICH F\u00dcR UNS DEN K2 ZU [&hellip;]\" \/>\n<meta property=\"og:url\" content=\"https:\/\/ihma.at\/de_de\/2019\/05\/27\/vorbild-im-namen-der-kinder\/\" \/>\n<meta property=\"og:site_name\" content=\"IHMA\" \/>\n<meta property=\"article:published_time\" content=\"2019-05-27T12:07:35+00:00\" \/>\n<meta property=\"article:modified_time\" content=\"2019-05-27T13:09:01+00:00\" \/>\n<meta property=\"og:image\" content=\"https:\/\/ihma.at\/wp-content\/uploads\/2019\/05\/LDAU0313.jpg\" \/>\n\t<meta property=\"og:image:width\" content=\"1280\" \/>\n\t<meta property=\"og:image:height\" content=\"1176\" \/>\n\t<meta property=\"og:image:type\" content=\"image\/jpeg\" \/>\n<meta name=\"author\" content=\"Caroline Weishaupt\" \/>\n<meta name=\"twitter:card\" content=\"summary_large_image\" \/>\n<meta name=\"twitter:label1\" content=\"Verfasst von\" \/>\n\t<meta name=\"twitter:data1\" content=\"Caroline Weishaupt\" \/>\n\t<meta name=\"twitter:label2\" content=\"Gesch\u00e4tzte Lesezeit\" \/>\n\t<meta name=\"twitter:data2\" content=\"2\u00a0Minuten\" \/>\n<script type=\"application\/ld+json\" class=\"yoast-schema-graph\">{\"@context\":\"https:\/\/schema.org\",\"@graph\":[{\"@type\":\"Article\",\"@id\":\"https:\/\/ihma.at\/2019\/05\/27\/vorbild-im-namen-der-kinder\/#article\",\"isPartOf\":{\"@id\":\"https:\/\/ihma.at\/2019\/05\/27\/vorbild-im-namen-der-kinder\/\"},\"author\":{\"name\":\"Caroline Weishaupt\",\"@id\":\"https:\/\/ihma.at\/#\/schema\/person\/5d61c7659d1ceb22d3037f85ea3958c8\"},\"headline\":\"VORBILD IM NAMEN DER KINDER!\",\"datePublished\":\"2019-05-27T12:07:35+00:00\",\"dateModified\":\"2019-05-27T13:09:01+00:00\",\"mainEntityOfPage\":{\"@id\":\"https:\/\/ihma.at\/2019\/05\/27\/vorbild-im-namen-der-kinder\/\"},\"wordCount\":441,\"commentCount\":0,\"publisher\":{\"@id\":\"https:\/\/ihma.at\/#organization\"},\"keywords\":[\"Bergaufstieg\",\"Bergbesteigung\",\"Bildung\",\"Caroline Weishaupt\",\"Du kannst alles schaffen\",\"Glaub an Dich\",\"Huber Br\u00fcder\",\"IHMA\",\"K2\",\"Kinder st\u00e4rken\",\"Lama\",\"Lama Phunjo\",\"Schulbildung\",\"Sherpas\",\"Vorbild\",\"Vorbild sein\",\"Zeichen setzen\"],\"articleSection\":[\"Nepal\",\"NEWS NEWS NEWS\"],\"inLanguage\":\"de\",\"potentialAction\":[{\"@type\":\"CommentAction\",\"name\":\"Comment\",\"target\":[\"https:\/\/ihma.at\/2019\/05\/27\/vorbild-im-namen-der-kinder\/#respond\"]}]},{\"@type\":\"WebPage\",\"@id\":\"https:\/\/ihma.at\/2019\/05\/27\/vorbild-im-namen-der-kinder\/\",\"url\":\"https:\/\/ihma.at\/2019\/05\/27\/vorbild-im-namen-der-kinder\/\",\"name\":\"VORBILD IM NAMEN DER KINDER! - IHMA\",\"isPartOf\":{\"@id\":\"https:\/\/ihma.at\/#website\"},\"datePublished\":\"2019-05-27T12:07:35+00:00\",\"dateModified\":\"2019-05-27T13:09:01+00:00\",\"breadcrumb\":{\"@id\":\"https:\/\/ihma.at\/2019\/05\/27\/vorbild-im-namen-der-kinder\/#breadcrumb\"},\"inLanguage\":\"de\",\"potentialAction\":[{\"@type\":\"ReadAction\",\"target\":[\"https:\/\/ihma.at\/2019\/05\/27\/vorbild-im-namen-der-kinder\/\"]}]},{\"@type\":\"BreadcrumbList\",\"@id\":\"https:\/\/ihma.at\/2019\/05\/27\/vorbild-im-namen-der-kinder\/#breadcrumb\",\"itemListElement\":[{\"@type\":\"ListItem\",\"position\":1,\"name\":\"Startseite\",\"item\":\"https:\/\/ihma.at\/de_de\/\"},{\"@type\":\"ListItem\",\"position\":2,\"name\":\"VORBILD IM NAMEN DER KINDER!\"}]},{\"@type\":\"WebSite\",\"@id\":\"https:\/\/ihma.at\/#website\",\"url\":\"https:\/\/ihma.at\/\",\"name\":\"IHMA\",\"description\":\"INTERNATIONAL HUMAN \",\"publisher\":{\"@id\":\"https:\/\/ihma.at\/#organization\"},\"potentialAction\":[{\"@type\":\"SearchAction\",\"target\":{\"@type\":\"EntryPoint\",\"urlTemplate\":\"https:\/\/ihma.at\/?s={search_term_string}\"},\"query-input\":\"required name=search_term_string\"}],\"inLanguage\":\"de\"},{\"@type\":\"Organization\",\"@id\":\"https:\/\/ihma.at\/#organization\",\"name\":\"IHMA\",\"url\":\"https:\/\/ihma.at\/\",\"logo\":{\"@type\":\"ImageObject\",\"inLanguage\":\"de\",\"@id\":\"https:\/\/ihma.at\/#\/schema\/logo\/image\/\",\"url\":\"https:\/\/ihma.at\/wp-content\/uploads\/2022\/05\/cropped-cropped-IHMA-BETA-LOGO-e1653917382550.png\",\"contentUrl\":\"https:\/\/ihma.at\/wp-content\/uploads\/2022\/05\/cropped-cropped-IHMA-BETA-LOGO-e1653917382550.png\",\"width\":300,\"height\":74,\"caption\":\"IHMA\"},\"image\":{\"@id\":\"https:\/\/ihma.at\/#\/schema\/logo\/image\/\"}},{\"@type\":\"Person\",\"@id\":\"https:\/\/ihma.at\/#\/schema\/person\/5d61c7659d1ceb22d3037f85ea3958c8\",\"name\":\"Caroline Weishaupt\",\"image\":{\"@type\":\"ImageObject\",\"inLanguage\":\"de\",\"@id\":\"https:\/\/ihma.at\/#\/schema\/person\/image\/\",\"url\":\"https:\/\/secure.gravatar.com\/avatar\/39c889c77656bd8b2b2cf5a942c9f80e?s=96&d=mm&r=g\",\"contentUrl\":\"https:\/\/secure.gravatar.com\/avatar\/39c889c77656bd8b2b2cf5a942c9f80e?s=96&d=mm&r=g\",\"caption\":\"Caroline Weishaupt\"},\"url\":\"https:\/\/ihma.at\/de_de\/author\/caroline-weishaupt\/\"}]}<\/script>\n<!-- \/ Yoast SEO plugin. -->","yoast_head_json":{"title":"VORBILD IM NAMEN DER KINDER! - IHMA","robots":{"index":"index","follow":"follow","max-snippet":"max-snippet:-1","max-image-preview":"max-image-preview:large","max-video-preview":"max-video-preview:-1"},"canonical":"https:\/\/ihma.at\/de_de\/2019\/05\/27\/vorbild-im-namen-der-kinder\/","og_locale":"de_DE","og_type":"article","og_title":"VORBILD IM NAMEN DER KINDER! - IHMA","og_description":"PHUNJO JHANGMU LAMA WIRD F\u00dcR DIE IHMA DEN K2 BESTEIGEN UND EIN ZEICHEN SETZEN! DURCH PRIVATE FINANZIERUNG IST ES DER ERFAHRENEN BERGSTEIGERIN PHUNJO NUN M\u00d6GLICH F\u00dcR UNS DEN K2 ZU [&hellip;]","og_url":"https:\/\/ihma.at\/de_de\/2019\/05\/27\/vorbild-im-namen-der-kinder\/","og_site_name":"IHMA","article_published_time":"2019-05-27T12:07:35+00:00","article_modified_time":"2019-05-27T13:09:01+00:00","og_image":[{"width":1280,"height":1176,"url":"https:\/\/ihma.at\/wp-content\/uploads\/2019\/05\/LDAU0313.jpg","type":"image\/jpeg"}],"author":"Caroline Weishaupt","twitter_card":"summary_large_image","twitter_misc":{"Verfasst von":"Caroline Weishaupt","Gesch\u00e4tzte Lesezeit":"2\u00a0Minuten"},"schema":{"@context":"https:\/\/schema.org","@graph":[{"@type":"Article","@id":"https:\/\/ihma.at\/2019\/05\/27\/vorbild-im-namen-der-kinder\/#article","isPartOf":{"@id":"https:\/\/ihma.at\/2019\/05\/27\/vorbild-im-namen-der-kinder\/"},"author":{"name":"Caroline Weishaupt","@id":"https:\/\/ihma.at\/#\/schema\/person\/5d61c7659d1ceb22d3037f85ea3958c8"},"headline":"VORBILD IM NAMEN DER KINDER!","datePublished":"2019-05-27T12:07:35+00:00","dateModified":"2019-05-27T13:09:01+00:00","mainEntityOfPage":{"@id":"https:\/\/ihma.at\/2019\/05\/27\/vorbild-im-namen-der-kinder\/"},"wordCount":441,"commentCount":0,"publisher":{"@id":"https:\/\/ihma.at\/#organization"},"keywords":["Bergaufstieg","Bergbesteigung","Bildung","Caroline Weishaupt","Du kannst alles schaffen","Glaub an Dich","Huber Br\u00fcder","IHMA","K2","Kinder st\u00e4rken","Lama","Lama Phunjo","Schulbildung","Sherpas","Vorbild","Vorbild sein","Zeichen setzen"],"articleSection":["Nepal","NEWS NEWS NEWS"],"inLanguage":"de","potentialAction":[{"@type":"CommentAction","name":"Comment","target":["https:\/\/ihma.at\/2019\/05\/27\/vorbild-im-namen-der-kinder\/#respond"]}]},{"@type":"WebPage","@id":"https:\/\/ihma.at\/2019\/05\/27\/vorbild-im-namen-der-kinder\/","url":"https:\/\/ihma.at\/2019\/05\/27\/vorbild-im-namen-der-kinder\/","name":"VORBILD IM NAMEN DER KINDER! - IHMA","isPartOf":{"@id":"https:\/\/ihma.at\/#website"},"datePublished":"2019-05-27T12:07:35+00:00","dateModified":"2019-05-27T13:09:01+00:00","breadcrumb":{"@id":"https:\/\/ihma.at\/2019\/05\/27\/vorbild-im-namen-der-kinder\/#breadcrumb"},"inLanguage":"de","potentialAction":[{"@type":"ReadAction","target":["https:\/\/ihma.at\/2019\/05\/27\/vorbild-im-namen-der-kinder\/"]}]},{"@type":"BreadcrumbList","@id":"https:\/\/ihma.at\/2019\/05\/27\/vorbild-im-namen-der-kinder\/#breadcrumb","itemListElement":[{"@type":"ListItem","position":1,"name":"Startseite","item":"https:\/\/ihma.at\/de_de\/"},{"@type":"ListItem","position":2,"name":"VORBILD IM NAMEN DER KINDER!"}]},{"@type":"WebSite","@id":"https:\/\/ihma.at\/#website","url":"https:\/\/ihma.at\/","name":"IHMA","description":"INTERNATIONAL HUMAN ","publisher":{"@id":"https:\/\/ihma.at\/#organization"},"potentialAction":[{"@type":"SearchAction","target":{"@type":"EntryPoint","urlTemplate":"https:\/\/ihma.at\/?s={search_term_string}"},"query-input":"required name=search_term_string"}],"inLanguage":"de"},{"@type":"Organization","@id":"https:\/\/ihma.at\/#organization","name":"IHMA","url":"https:\/\/ihma.at\/","logo":{"@type":"ImageObject","inLanguage":"de","@id":"https:\/\/ihma.at\/#\/schema\/logo\/image\/","url":"https:\/\/ihma.at\/wp-content\/uploads\/2022\/05\/cropped-cropped-IHMA-BETA-LOGO-e1653917382550.png","contentUrl":"https:\/\/ihma.at\/wp-content\/uploads\/2022\/05\/cropped-cropped-IHMA-BETA-LOGO-e1653917382550.png","width":300,"height":74,"caption":"IHMA"},"image":{"@id":"https:\/\/ihma.at\/#\/schema\/logo\/image\/"}},{"@type":"Person","@id":"https:\/\/ihma.at\/#\/schema\/person\/5d61c7659d1ceb22d3037f85ea3958c8","name":"Caroline Weishaupt","image":{"@type":"ImageObject","inLanguage":"de","@id":"https:\/\/ihma.at\/#\/schema\/person\/image\/","url":"https:\/\/secure.gravatar.com\/avatar\/39c889c77656bd8b2b2cf5a942c9f80e?s=96&d=mm&r=g","contentUrl":"https:\/\/secure.gravatar.com\/avatar\/39c889c77656bd8b2b2cf5a942c9f80e?s=96&d=mm&r=g","caption":"Caroline Weishaupt"},"url":"https:\/\/ihma.at\/de_de\/author\/caroline-weishaupt\/"}]}},"_links":{"self":[{"href":"https:\/\/ihma.at\/de_de\/wp-json\/wp\/v2\/posts\/529"}],"collection":[{"href":"https:\/\/ihma.at\/de_de\/wp-json\/wp\/v2\/posts"}],"about":[{"href":"https:\/\/ihma.at\/de_de\/wp-json\/wp\/v2\/types\/post"}],"author":[{"embeddable":true,"href":"https:\/\/ihma.at\/de_de\/wp-json\/wp\/v2\/users\/1"}],"replies":[{"embeddable":true,"href":"https:\/\/ihma.at\/de_de\/wp-json\/wp\/v2\/comments?post=529"}],"version-history":[{"count":0,"href":"https:\/\/ihma.at\/de_de\/wp-json\/wp\/v2\/posts\/529\/revisions"}],"wp:featuredmedia":[{"embeddable":true,"href":"https:\/\/ihma.at\/de_de\/wp-json\/wp\/v2\/media\/545"}],"wp:attachment":[{"href":"https:\/\/ihma.at\/de_de\/wp-json\/wp\/v2\/media?parent=529"}],"wp:term":[{"taxonomy":"category","embeddable":true,"href":"https:\/\/ihma.at\/de_de\/wp-json\/wp\/v2\/categories?post=529"},{"taxonomy":"post_tag","embeddable":true,"href":"https:\/\/ihma.at\/de_de\/wp-json\/wp\/v2\/tags?post=529"}],"curies":[{"name":"wp","href":"https:\/\/api.w.org\/{rel}","templated":true}]}}